[{"@context":"https:\/\/schema.org\/","@type":"Article","@id":"https:\/\/www.demkovic.cz\/utulna-chodba-nebo-vstupni-hala-zadny-problem\/#Article","mainEntityOfPage":"https:\/\/www.demkovic.cz\/utulna-chodba-nebo-vstupni-hala-zadny-problem\/","headline":"\u00datuln\u00e1 chodba nebo vstupn\u00ed hala? \u017d\u00e1dn\u00fd probl\u00e9m\u2026","name":"\u00datuln\u00e1 chodba nebo vstupn\u00ed hala? \u017d\u00e1dn\u00fd probl\u00e9m\u2026","description":"\u0160ediv\u00e1 a nep\u0159\u00edli\u0161 lahod\u00edc\u00ed oku\u2026tak\u00e9 v\u00e1m to p\u0159ipom\u00edn\u00e1 va\u0161\u00ed chodbu? V takov\u00e9m p\u0159\u00edpad\u011b i u v\u00e1s slou\u017e\u00ed chodba jen coby p\u0159estupn\u00ed m\u00edstnost mezi jednotliv\u00fdmi obyvateln\u00fdmi m\u00edstnostmi. Anebo je va\u0161e chodba p\u0159esn\u00fd opak a doslova k nerozezn\u00e1n\u00ed od dal\u0161\u00edch pokoj\u016f v [&hellip;]","datePublished":"2020-05-10","dateModified":"2023-05-06","author":{"@type":"Person","@id":"https:\/\/www.demkovic.cz\/author\/#Person","name":"","url":"https:\/\/www.demkovic.cz\/author\/","identifier":1,"image":{"@type":"ImageObject","@id":"https:\/\/secure.gravatar.com\/avatar\/06473a178d94fb830b46e277369729e9534f2612e261ec2f1ee96b672ef473e2?s=96&d=mm&r=g","url":"https:\/\/secure.gravatar.com\/avatar\/06473a178d94fb830b46e277369729e9534f2612e261ec2f1ee96b672ef473e2?s=96&d=mm&r=g","height":96,"width":96}},"publisher":{"@type":"Organization","name":"demkovic.cz","logo":{"@type":"ImageObject","@id":"\/logo.png","url":"\/logo.png","width":600,"height":60}},"image":{"@type":"ImageObject","@id":"https:\/\/www.demkovic.cz\/wp-content\/uploads\/inspirativn%C3%AD%20dekorace.jpg","url":"https:\/\/www.demkovic.cz\/wp-content\/uploads\/inspirativn%C3%AD%20dekorace.jpg","height":0,"width":0},"url":"https:\/\/www.demkovic.cz\/utulna-chodba-nebo-vstupni-hala-zadny-problem\/","about":["V\u00fdrobky"],"wordCount":398,"articleBody":"      \u0160ediv\u00e1 a nep\u0159\u00edli\u0161 lahod\u00edc\u00ed oku\u2026tak\u00e9 v\u00e1m to p\u0159ipom\u00edn\u00e1 va\u0161\u00ed chodbu? V takov\u00e9m p\u0159\u00edpad\u011b i u v\u00e1s slou\u017e\u00ed chodba jen coby p\u0159estupn\u00ed m\u00edstnost mezi jednotliv\u00fdmi obyvateln\u00fdmi m\u00edstnostmi. Anebo je va\u0161e chodba p\u0159esn\u00fd opak a doslova k nerozezn\u00e1n\u00ed od dal\u0161\u00edch pokoj\u016f v dom\u011b? Tak jste \u017eiv\u00fdm p\u0159\u00edkladem, \u017ee i z chodby se d\u00e1 vytvo\u0159it \u00fatuln\u00fd prostor, kter\u00fd u\u017e ve dve\u0159\u00edch navod\u00ed p\u0159\u00edjemnou atmosf\u00e9ru. Porad\u00edme v\u00e1m na co se p\u0159i jej\u00ed za\u0159izov\u00e1n\u00ed zam\u011b\u0159it. Sice chodba nebude svou \u00fatulnost\u00ed nikdy ani vzd\u00e1len\u011b p\u0159ipom\u00ednat ob\u00fdvac\u00ed pokoj, ale rozhodn\u011b si i tato \u010dasto nen\u00e1padn\u00e1 m\u00edstnost zaslou\u017e\u00ed trochu pozornosti. Kdekdo si pod pojmem chodba p\u0159edstav\u00ed jen jakousi pr\u016fchoz\u00ed m\u00edstnost, u kter\u00e9 se d\u00e1 snadno u\u0161et\u0159it za topen\u00ed. Ale nen\u00ed tohle chyba? I takov\u00e1 chodba si zaslou\u017e\u00ed trochu p\u00e9\u010de, alespo\u0148 nepatrn\u00e9 zavla\u017eov\u00e1n\u00ed, kvalitn\u00ed vybaven\u00ed nebo vkusn\u00e9 dekorace. Osv\u011btlen\u00edOsv\u011btlen\u00ed dok\u00e1\u017ee do velk\u00e9 m\u00edry ovlivnit celkov\u00e9 vn\u00edm\u00e1n\u00ed prostoru. Nejide\u00e1ln\u011bj\u0161\u00ed je p\u0159irozen\u00e9 sv\u011btlo, pokud tedy m\u00e1te na chodb\u011b okno nebo alespo\u0148 sv\u011btl\u00edk v podob\u011b st\u0159e\u0161n\u00edho v\u00fdvodu, m\u00e1te z poloviny vyhr\u00e1no. Pokud ne, sv\u011btlo m\u016f\u017eete do m\u00edstnosti dostat i rafinovan\u00fdm zp\u016fsobem v podob\u011b prostupuj\u00edc\u00edho sv\u011btla skrz sklen\u011bn\u00e9 v\u00fdpln\u011b dve\u0159\u00ed a v neposledn\u00ed \u0159ad\u011b pak nejr\u016fzn\u011bj\u0161\u00edmi z\u00e1v\u011bsn\u00fdmi syst\u00e9my, lampami nebo bodov\u00fdm osv\u011btlen\u00edm. Nezapom\u00ednejte ani na osv\u011btlen\u00ed schodi\u0161t\u011b, nap\u0159\u00edklad to\u010dit\u00e9 schody vkusn\u011b dopln\u00ed centr\u00e1ln\u00ed osv\u011btlen\u00ed um\u00edst\u011bn\u00e9 na strop\u011b. Barevn\u00e9 lad\u011bn\u00edTmav\u0161\u00ed barvy jsou sice velmi modern\u00ed, ale do \u00fazk\u00e9 chodby nejsou tou pravou volbou. Chodbu pot\u0159ebuje opticky roz\u0161\u00ed\u0159it a k takov\u00e9mu \u00fa\u010delu dob\u0159e poslou\u017e\u00ed sv\u011btlej\u0161\u00ed odst\u00edny. Mnoho lid\u00ed vs\u00e1z\u00ed na univerz\u00e1ln\u00ed b\u00edlou barvu. P\u0159eci jenom ty tam jsou doby, kdy bylo v m\u00f3d\u011b m\u00edt ka\u017edou m\u00edstnost jinak barevn\u011b lad\u011bnou. V p\u0159\u00edpad\u011b b\u00edl\u00e9 barvy ov\u0161em po\u010d\u00edtejte s t\u00edm, \u017ee se na takto sv\u011btl\u00e9m podkladu budou velmi dob\u0159e vyj\u00edmat fleky nebo drobn\u00e9 \u0161kr\u00e1bance.                                                                                                                                                                                                                                                                                                                                                                                           3.7\/5 - (9 votes)        "},{"@context":"https:\/\/schema.org\/","@type":"BreadcrumbList","itemListElement":[{"@type":"ListItem","position":1,"name":"\u00datuln\u00e1 chodba nebo vstupn\u00ed hala? \u017d\u00e1dn\u00fd probl\u00e9m\u2026","item":"https:\/\/www.demkovic.cz\/utulna-chodba-nebo-vstupni-hala-zadny-problem\/#breadcrumbitem"}]}]