[{"@context":"https:\/\/schema.org\/","@type":"Article","@id":"https:\/\/www.demkovic.cz\/prostor-kde-informace-davaji-smysl\/#Article","mainEntityOfPage":"https:\/\/www.demkovic.cz\/prostor-kde-informace-davaji-smysl\/","headline":"Prostor, kde informace d\u00e1vaj\u00ed smysl","name":"Prostor, kde informace d\u00e1vaj\u00ed smysl","description":"Zaj\u00edm\u00e1 v\u00e1s, co se skute\u010dn\u011b d\u011bje doma i ve sv\u011bt\u011b, ale nebav\u00ed v\u00e1s p\u0159ehnan\u00e9 titulky, ideologick\u00e9 n\u00e1lepky a agitace? Pr\u00e1v\u011b proto vznikl nasdenik.cz \u2013 online den\u00edk, kter\u00fd se sna\u017e\u00ed p\u0159in\u00e1\u0161et zpr\u00e1vy srozumiteln\u011b, v\u011bcn\u011b a v kontextu. Najdete tu nejen novinky [&hellip;]","datePublished":"2025-07-07","dateModified":"2025-07-07","author":{"@type":"Person","@id":"https:\/\/www.demkovic.cz\/author\/#Person","name":"","url":"https:\/\/www.demkovic.cz\/author\/","identifier":1,"image":{"@type":"ImageObject","@id":"https:\/\/secure.gravatar.com\/avatar\/06473a178d94fb830b46e277369729e9534f2612e261ec2f1ee96b672ef473e2?s=96&d=mm&r=g","url":"https:\/\/secure.gravatar.com\/avatar\/06473a178d94fb830b46e277369729e9534f2612e261ec2f1ee96b672ef473e2?s=96&d=mm&r=g","height":96,"width":96}},"publisher":{"@type":"Organization","name":"demkovic.cz","logo":{"@type":"ImageObject","@id":"\/logo.png","url":"\/logo.png","width":600,"height":60}},"url":"https:\/\/www.demkovic.cz\/prostor-kde-informace-davaji-smysl\/","wordCount":217,"articleBody":"        Zaj\u00edm\u00e1 v\u00e1s, co se skute\u010dn\u011b d\u011bje doma i ve sv\u011bt\u011b, ale nebav\u00ed v\u00e1s p\u0159ehnan\u00e9 titulky, ideologick\u00e9 n\u00e1lepky a agitace? Pr\u00e1v\u011b proto vznikl nasdenik.cz \u2013 online den\u00edk, kter\u00fd se sna\u017e\u00ed p\u0159in\u00e1\u0161et zpr\u00e1vy srozumiteln\u011b, v\u011bcn\u011b a v kontextu. Najdete tu nejen novinky z ekonomiky, politiky nebo zahrani\u010d\u00ed, ale tak\u00e9 souvislosti, kter\u00e9 jinde \u010dasto chyb\u00ed. M\u00edsto zkratkovit\u00fdch v\u00fdk\u0159ik\u016f tu dostanete ucelen\u00e9 pohledy a koment\u00e1\u0159e, kter\u00e9 kladou d\u016fraz na pochopen\u00ed, ne jen rychl\u00fd n\u00e1zor. Co najdete na nasdenik.cz Ekonomika a byznys Zpr\u00e1vy o v\u00fdvoji trhu, cen\u00e1ch, energetice, dopadech nov\u00fdch regulac\u00ed nebo prom\u011bn\u00e1ch pracovn\u00edho trhu. Politika Dom\u00e1c\u00ed i evropsk\u00e1 politika bez ideologick\u00fdch br\u00fdl\u00ed. Anal\u00fdzy, rozhodnut\u00ed, jejich d\u016fsledky a souvislosti. Sv\u011bt a geopolitika D\u011bn\u00ed v zahrani\u010d\u00ed v \u0161ir\u0161\u00edm kontextu \u2013 od konflikt\u016f po zm\u011bny mocensk\u00e9 rovnov\u00e1hy. Spole\u010dnost a kultura T\u00e9mata, kter\u00e1 h\u00fdbou spole\u010dnost\u00ed. Vztahy, v\u00fdchova, hodnoty i prom\u011bna ka\u017edodenn\u00edho \u017eivota, kulturn\u00ed program nebo leto\u0161n\u00ed m\u00f3da, to v\u0161e je zde pro v\u00e1s. Technologie a inovace P\u0159ehled nov\u00fdch trend\u016f, AI, digitalizace, ale i kritick\u00fd pohled na dopady technologi\u00ed a mnoh\u00e9 dal\u0161\u00ed.                                                                                                                                                                                                                                                                                                                                                                                          3.3\/5 - (3 votes)        "},{"@context":"https:\/\/schema.org\/","@type":"BreadcrumbList","itemListElement":[{"@type":"ListItem","position":1,"name":"Prostor, kde informace d\u00e1vaj\u00ed smysl","item":"https:\/\/www.demkovic.cz\/prostor-kde-informace-davaji-smysl\/#breadcrumbitem"}]}]