[{"@context":"https:\/\/schema.org\/","@type":"Article","@id":"https:\/\/www.demkovic.cz\/promluvte-si-s-nestrannou-osobou\/#Article","mainEntityOfPage":"https:\/\/www.demkovic.cz\/promluvte-si-s-nestrannou-osobou\/","headline":"Promluvte si s nestrannou osobou","name":"Promluvte si s nestrannou osobou","description":"Ka\u017ed\u00e1 t\u011b\u017ek\u00e1 situace, kter\u00e1 se objev\u00ed v na\u0161em \u017eivot\u011b, akor\u00e1t ukazuje to, jak siln\u00e1 osobnost vlastn\u011b ve skute\u010dnosti jsme. Ne v\u017edy se toti\u017e d\u00e1 v\u0161e vy\u0159e\u0161it p\u0159es s\u00edlu a odolnost. Mnohdy jsme odk\u00e1z\u00e1n\u00ed na pomoc, kter\u00e1 se nab\u00edz\u00ed z pozice, [&hellip;]","datePublished":"2019-02-16","dateModified":"2019-02-16","author":{"@type":"Person","@id":"https:\/\/www.demkovic.cz\/author\/#Person","name":"","url":"https:\/\/www.demkovic.cz\/author\/","identifier":1,"image":{"@type":"ImageObject","@id":"https:\/\/secure.gravatar.com\/avatar\/06473a178d94fb830b46e277369729e9534f2612e261ec2f1ee96b672ef473e2?s=96&d=mm&r=g","url":"https:\/\/secure.gravatar.com\/avatar\/06473a178d94fb830b46e277369729e9534f2612e261ec2f1ee96b672ef473e2?s=96&d=mm&r=g","height":96,"width":96}},"publisher":{"@type":"Organization","name":"demkovic.cz","logo":{"@type":"ImageObject","@id":"\/logo.png","url":"\/logo.png","width":600,"height":60}},"image":{"@type":"ImageObject","@id":"https:\/\/www.demkovic.cz\/wp-content\/uploads\/img_a337852_w2254_t1550763216.jpg","url":"https:\/\/www.demkovic.cz\/wp-content\/uploads\/img_a337852_w2254_t1550763216.jpg","height":0,"width":0},"url":"https:\/\/www.demkovic.cz\/promluvte-si-s-nestrannou-osobou\/","wordCount":465,"articleBody":" Ka\u017ed\u00e1 t\u011b\u017ek\u00e1 situace, kter\u00e1 se objev\u00ed v na\u0161em \u017eivot\u011b, akor\u00e1t ukazuje to, jak siln\u00e1 osobnost vlastn\u011b ve skute\u010dnosti jsme. Ne v\u017edy se toti\u017e d\u00e1 v\u0161e vy\u0159e\u0161it p\u0159es s\u00edlu a odolnost. Mnohdy jsme odk\u00e1z\u00e1n\u00ed na pomoc, kter\u00e1 se nab\u00edz\u00ed z pozice, kter\u00e1 je nestrann\u00e1. Vyhledat pomoc takov\u00e9ho terapeuta je v dne\u0161n\u00ed dob\u011b b\u011b\u017enou z\u00e1le\u017eitost\u00ed. Ur\u010dit\u011b nen\u00ed pot\u0159eba, aby v\u00e1s p\u0159epadl pocit studu. N\u011bkte\u0159\u00ed toti\u017e moc dob\u0159e v\u011bd\u00ed, \u017ee n\u011bkdy je \u00fa\u010dinn\u011bj\u0161\u00ed, kdy\u017e se na dan\u00fd probl\u00e9m pod\u00edv\u00e1 nestrann\u00e1 osoba a na \u0159e\u0161en\u00ed se pod\u00edv\u00e1 skute\u010dn\u00fd odborn\u00edk . Terapeut je pr\u00e1v\u011b ten \u010dlov\u011bk, kter\u00fd v\u00e1m dok\u00e1\u017ee nab\u00eddnout pomoc a pohled na v\u00e1\u0161 ne\u0159e\u0161iteln\u00fd probl\u00e9m a to ze sv\u00e9ho \u00fasudku. N\u011bkdy m\u016f\u017ee b\u00fdt situace mnohem v\u00e1\u017en\u011bj\u0161\u00ed, ne\u017e si m\u016f\u017eete myslet. Kvalifikovan\u00fd odborn\u00edk v\u00e1m nab\u00eddne pocit svobodn\u00e9ho n\u00e1zoru nebo neomezen\u00e9 mno\u017estv\u00ed my\u0161lenek a krom\u011b toho i pov\u00edd\u00e1n\u00ed, d\u00edky kter\u00e9mu budete moci popsat mnohem bl\u00ed\u017ee va\u0161\u00ed situaci a to z toho d\u016fvodu, aby v\u00e1m terapeut mohl poskytnout i jej\u00ed \u0159e\u0161en\u00ed. V\u011b\u0159te, \u017ee se v\u00e1m po takov\u00e9m rozhovoru velmi ulev\u00ed a krom\u011b toho se zbav\u00edte nejen stresu ale i emoc\u00ed, kter\u00e9 se v\u00e1m neda\u0159\u00ed zvl\u00e1dat. Emo\u010dn\u00ed rozpolo\u017een\u00ed m\u016f\u017ee do \u017eivota ka\u017ed\u00e9ho \u010dlov\u011bka p\u0159in\u00e9st t\u011b\u017ek\u00e9 deprese a z toho pak i \u010diny, kter\u00e9 nejsou tak \u00fapln\u011b uv\u00e1\u017een\u00e9. Jestli\u017ee v\u00e1\u0161 terapeut usoudil, \u017ee je va\u0161e terapie \u0159e\u0161iteln\u00e1 a to v tom p\u0159\u00edpad\u011b, \u017ee budete br\u00e1t antidepresiva, je to rozhodn\u011b z toho d\u016fvodu, \u017ee v\u00ed, \u017ee by v\u00e1m mohly pomoci fungovat mnohem l\u00e9pe. Nebu\u010fte tedy skepti\u010dt\u00ed a za bl\u00e1zna se rozhodn\u011b nepova\u017eujte. Je velmi p\u0159irozen\u00e9, \u017ee n\u011bkdy prost\u011b p\u0159ijdou chv\u00edle, kdy nev\u00edte, jak d\u00e1l. Terapie v\u00e1m u\u017e ale usnadn\u00ed starosti t\u00edm, \u017ee si budete m\u00edt s k\u00fdm popov\u00eddat. Nen\u00ed to ale jedin\u00e9, co slu\u017eby terapie p\u0159in\u00e1\u0161\u00ed. Jednou z cest je dokonce i meditace. Jedn\u00e1 se o cestu, d\u00edky kter\u00e9 se v\u00e1m jist\u011b poda\u0159\u00ed uvolnit nejen t\u011blo ale i mysl. Velmi \u00fa\u010dinn\u00e1 je tak\u00e9 hypn\u00f3za. Ten terapeut, kter\u00fd je zku\u0161en\u00fd, v\u00e1m dok\u00e1\u017ee nab\u00eddnout relaxaci v t\u00e9to podob\u011b. Vhodn\u00e1 jsou i dechov\u00e1 cvi\u010den\u00ed. Hlavn\u011b tedy v emo\u010dn\u011b n\u00e1ro\u010dn\u00fdch chv\u00edl\u00edch. Je skute\u010dn\u011b dobr\u00e9 nau\u010dit se bojovat proti stresu formou t\u011bchto cvi\u010den\u00ed.                                                                                                                                                                                                                                                                                                                                                                                         4.3\/5 - (6 votes)        "},{"@context":"https:\/\/schema.org\/","@type":"BreadcrumbList","itemListElement":[{"@type":"ListItem","position":1,"name":"Promluvte si s nestrannou osobou","item":"https:\/\/www.demkovic.cz\/promluvte-si-s-nestrannou-osobou\/#breadcrumbitem"}]}]