[{"@context":"https:\/\/schema.org\/","@type":"Article","@id":"https:\/\/www.demkovic.cz\/promente-svoji-domacnost\/#Article","mainEntityOfPage":"https:\/\/www.demkovic.cz\/promente-svoji-domacnost\/","headline":"Prom\u011b\u0148te svoji dom\u00e1cnost","name":"Prom\u011b\u0148te svoji dom\u00e1cnost","description":"Vzhled bydlen\u00ed m\u00e1 velk\u00fd vliv na to, jak se v n\u011bm c\u00edt\u00edme. Pokud se chcete c\u00edtit p\u0159\u00edjemn\u011b a b\u00fdt uvoln\u011bn\u00ed, rozhodn\u011b by Va\u0161e bydlen\u00ed m\u011blo vypadat alespo\u0148 \u010d\u00e1ste\u010dn\u011b podle toho, jak si p\u0159edstavujete. Jestli tak ov\u0161em nevypad\u00e1 a Vy jste [&hellip;]","datePublished":"2025-04-08","dateModified":"2025-04-08","author":{"@type":"Person","@id":"https:\/\/www.demkovic.cz\/author\/#Person","name":"","url":"https:\/\/www.demkovic.cz\/author\/","identifier":1,"image":{"@type":"ImageObject","@id":"https:\/\/secure.gravatar.com\/avatar\/06473a178d94fb830b46e277369729e9534f2612e261ec2f1ee96b672ef473e2?s=96&d=mm&r=g","url":"https:\/\/secure.gravatar.com\/avatar\/06473a178d94fb830b46e277369729e9534f2612e261ec2f1ee96b672ef473e2?s=96&d=mm&r=g","height":96,"width":96}},"publisher":{"@type":"Organization","name":"demkovic.cz","logo":{"@type":"ImageObject","@id":"\/logo.png","url":"\/logo.png","width":600,"height":60}},"url":"https:\/\/www.demkovic.cz\/promente-svoji-domacnost\/","wordCount":243,"articleBody":"Vzhled bydlen\u00ed m\u00e1 velk\u00fd vliv na to, jak se v n\u011bm c\u00edt\u00edme. Pokud se chcete c\u00edtit p\u0159\u00edjemn\u011b a b\u00fdt uvoln\u011bn\u00ed, rozhodn\u011b by Va\u0161e bydlen\u00ed m\u011blo vypadat alespo\u0148 \u010d\u00e1ste\u010dn\u011b podle toho, jak si p\u0159edstavujete. Jestli tak ov\u0161em nevypad\u00e1 a Vy jste se stavem sv\u00e9 dom\u00e1cnosti nespokojen\u00ed, rozhodn\u011b se s t\u00edm d\u00e1 n\u011bco d\u011blat. Pokud m\u00e1te ur\u010dit\u00e9 p\u0159edstavy a chcete dos\u00e1hnout toho nejlep\u0161\u00edho v\u00fdsledku, rozhodn\u011b je pro V\u00e1s rekonstrukce bytu t\u00edm spr\u00e1vn\u00fdm \u0159e\u0161en\u00edm. D\u00edky n\u00ed se Va\u0161e bydlen\u00ed prom\u011bn\u00ed na takovou dom\u00e1cnost, se kterou budete naprosto spokojen\u00ed, tomu v\u011b\u0159te. N\u00e1ro\u010dn\u00e1 akce, kter\u00e1 stoj\u00ed za to Sice se jedn\u00e1 o velice n\u00e1ro\u010dnou akci, kter\u00e1 je dlouhodob\u00e1 a stoj\u00ed velk\u00e9 mno\u017estv\u00ed \u00fasil\u00ed, jakmile ale spat\u0159\u00edte v\u00fdsledek, rozhodn\u011b nebudete litovat \u010dasu, kter\u00fd jste realizaci takov\u00e9ho projektu v\u011bnovali. Jestli ov\u0161em chcete m\u00edt jistotu, \u017ee v\u0161e bude tak, jak to m\u00e1 b\u00fdt a Vy se i p\u0159es to nebudete muset t\u00e9m\u011b\u0159 ni\u010d\u00edm zab\u00fdvat, kontaktujte n\u00e1s a my u\u017e se postar\u00e1me o to, aby se V\u00e1m do rukou dostalo bydlen\u00ed Va\u0161ich sn\u016f. Jsme tu pr\u00e1v\u011b pro V\u00e1s a v\u017edy se budeme sna\u017eit V\u00e1m vyj\u00edt maxim\u00e1ln\u011b vst\u0159\u00edc, tomu v\u011b\u0159te.                                                                                                                                                                                                                                                                                                                                                                                                "},{"@context":"https:\/\/schema.org\/","@type":"BreadcrumbList","itemListElement":[{"@type":"ListItem","position":1,"name":"Prom\u011b\u0148te svoji dom\u00e1cnost","item":"https:\/\/www.demkovic.cz\/promente-svoji-domacnost\/#breadcrumbitem"}]}]