[{"@context":"https:\/\/schema.org\/","@type":"Article","@id":"https:\/\/www.demkovic.cz\/poprve-samo\/#Article","mainEntityOfPage":"https:\/\/www.demkovic.cz\/poprve-samo\/","headline":"Poprv\u00e9 samo","name":"Poprv\u00e9 samo","description":"Nej\u010dast\u011bj\u0161\u00edm stra\u0161\u00e1kem v\u0161ech, kdo pos\u00edlaj\u00ed d\u00edt\u011b poprv\u00e9 samo na t\u00e1bor, je, \u017ee se mu bude st\u00fdskat. Dobrou zpr\u00e1vou je, \u017ee v\u011bt\u0161ina d\u011bt\u00ed si zaf\u0148uk\u00e1 prvn\u00ed ve\u010der, a pak se ji\u017e naplno pono\u0159\u00ed do programu. P\u0159esto existuj\u00ed v\u011bci, kter\u00fdmi m\u016f\u017eete situaci [&hellip;]","datePublished":"2018-04-27","dateModified":"2018-04-27","author":{"@type":"Person","@id":"https:\/\/www.demkovic.cz\/author\/#Person","name":"","url":"https:\/\/www.demkovic.cz\/author\/","identifier":1,"image":{"@type":"ImageObject","@id":"https:\/\/secure.gravatar.com\/avatar\/06473a178d94fb830b46e277369729e9534f2612e261ec2f1ee96b672ef473e2?s=96&d=mm&r=g","url":"https:\/\/secure.gravatar.com\/avatar\/06473a178d94fb830b46e277369729e9534f2612e261ec2f1ee96b672ef473e2?s=96&d=mm&r=g","height":96,"width":96}},"publisher":{"@type":"Organization","name":"demkovic.cz","logo":{"@type":"ImageObject","@id":"\/logo.png","url":"\/logo.png","width":600,"height":60}},"image":{"@type":"ImageObject","@id":"https:\/\/www.demkovic.cz\/wp-content\/uploads\/img_a319260_w2489_t1530126731.jpg","url":"https:\/\/www.demkovic.cz\/wp-content\/uploads\/img_a319260_w2489_t1530126731.jpg","height":0,"width":0},"url":"https:\/\/www.demkovic.cz\/poprve-samo\/","wordCount":455,"articleBody":"Nej\u010dast\u011bj\u0161\u00edm stra\u0161\u00e1kem v\u0161ech, kdo pos\u00edlaj\u00ed d\u00edt\u011b poprv\u00e9 samo na t\u00e1bor, je, \u017ee se mu bude st\u00fdskat. Dobrou zpr\u00e1vou je, \u017ee v\u011bt\u0161ina d\u011bt\u00ed si zaf\u0148uk\u00e1 prvn\u00ed ve\u010der, a pak se ji\u017e naplno pono\u0159\u00ed do programu. P\u0159esto existuj\u00ed v\u011bci, kter\u00fdmi m\u016f\u017eete situaci zm\u00edrnit. Do ob\u00e1lky s\u00a0dokumenty p\u0159idejte i prvn\u00ed pohled od v\u00e1s, jen se jm\u00e9nem d\u00edt\u011bte a va\u0161\u00edm vzkazem. Vedouc\u00ed ho mohou mal\u00fdm t\u00e1born\u00edk\u016fm d\u00e1t hned druh\u00fd nebo t\u0159et\u00ed den, je\u0161t\u011b p\u0159edt\u00edm, ne\u017e doraz\u00ed b\u011b\u017en\u00e1 po\u0161ta. Pi\u0161te \u010dasto, d\u011bti to miluj\u00ed a nic jako p\u0159\u00edli\u0161 mnoho pohled\u016f prost\u011b neexistuje. Zapojte i babi\u010dky, d\u011bde\u010dky, str\u00fdce a tety. Co naopak ned\u011blat?Pokud m\u00e1 d\u00edt\u011b s\u00a0sebou telefon, tak po\u010dkejte, a\u017e v\u00e1m zavol\u00e1 samo. Berte to tak, \u017ee \u017e\u00e1dn\u00e9 zpr\u00e1vy jsou dobr\u00e9 zpr\u00e1vy. Nev\u011b\u0159te tak\u00e9 slep\u011b v\u0161emu, co v\u00e1m do telefonu potomek vykl\u00e1d\u00e1. M\u00e1te-li v\u00e1\u017en\u00e9 podez\u0159en\u00ed, \u017ee n\u011bco nen\u00ed v\u00a0po\u0159\u00e1dku, kontaktujte vedouc\u00ed.NIKDY, NIKDY, NIKDY se na t\u00e1bo\u0159e neobjevujte najednou, bez ohl\u00e1\u0161en\u00ed a bez p\u0159edchoz\u00ed domluvy. I pokud dojde ke krizov\u00e9 situaci a vy opravdu nutn\u011b pot\u0159ebujete s\u00a0d\u00edt\u011btem mluvit osobn\u011b nebo ho dokonce odv\u00e9zt, nejd\u0159\u00edv volejte veden\u00ed.\u00a0\u010castou chybou rodi\u010d\u016f prvot\u00e1born\u00edk\u016f je to, \u017ee d\u00edt\u011bti nabal\u00ed hromadu sladkost\u00ed, a dal\u0161\u00ed d\u00e1vku po\u0161lou po t\u00fddnu v\u00a0bal\u00ed\u010dku. I kdy\u017e to mysl\u00ed dob\u0159e, tak vedouc\u00ed jen prot\u00e1\u010dej\u00ed o\u010di, kdy\u017e se jejich sv\u011b\u0159enec ji\u017e \u010dtvrt\u00fd den cpe su\u0161enkami a bonbony m\u00edsto norm\u00e1ln\u00edho j\u00eddla. V\u011b\u0159te, d\u011bti na t\u00e1bo\u0159e opravdu nehladov\u00ed, a nen\u00ed tedy nutn\u00e9 jim pos\u00edlat potravinovou pomoc. Po\u0161lete p\u00e1r obl\u00edben\u00fdch pochoutek, ale opravdu toho nemus\u00ed b\u00fdt dv\u011b kila. Ono je to lep\u0161\u00ed i pro samotn\u00e9ho t\u00e1born\u00edka, proto\u017ee hromada j\u00eddla ve stanu nebo v\u00a0chatce znamen\u00e1 v\u011bt\u0161inou taky vosy a mravence. Co se zimy t\u00fd\u010de, tak zejm\u00e9na m\u011bstsk\u00e9 d\u011bti maj\u00ed ob\u010das sklon p\u0159eh\u00e1n\u011bt. Nicm\u00e9n\u011b, zejm\u00e9na pokud v\u00edte, \u017ee va\u0161e d\u00edt\u011b je sp\u00ed\u0161 je\u0161t\u011brka ne\u017e ledn\u00ed medv\u011bd, se p\u0159ed odjezdem ujist\u011bte, \u017ee m\u00e1 dostatek tepl\u00e9ho oble\u010den\u00ed, zejm\u00e9na na noc. \u201eJe to tu hrozn\u00fd, p\u0159ije\u010f si pro m\u011b\u201c, tomu se t\u011b\u017eko odol\u00e1v\u00e1. Zkuste ale v\u017edy nejd\u0159\u00edve zjistit, jak se v\u011bci maj\u00ed.                                                                                                                                                                                                                                                                                                                                                                                        5\/5 - (2 votes)        "},{"@context":"https:\/\/schema.org\/","@type":"BreadcrumbList","itemListElement":[{"@type":"ListItem","position":1,"name":"Poprv\u00e9 samo","item":"https:\/\/www.demkovic.cz\/poprve-samo\/#breadcrumbitem"}]}]