[{"@context":"https:\/\/schema.org\/","@type":"Article","@id":"https:\/\/www.demkovic.cz\/odpocinek-na-zahrade-nejlip-v-nasem-drevenem-altanu\/#Article","mainEntityOfPage":"https:\/\/www.demkovic.cz\/odpocinek-na-zahrade-nejlip-v-nasem-drevenem-altanu\/","headline":"Odpo\u010dinek na zahrad\u011b? Nejl\u00edp v na\u0161em d\u0159ev\u011bn\u00e9m alt\u00e1nu!","name":"Odpo\u010dinek na zahrad\u011b? Nejl\u00edp v na\u0161em d\u0159ev\u011bn\u00e9m alt\u00e1nu!","description":"Uznejte sami. Sed\u011bt jen tak v prostoru, by\u0165 p\u011bkn\u00e9, zahrady je kr\u00e1sn\u00e9, ale dne\u0161n\u00edmu \u010dlov\u011bku n\u011bco chyb\u00ed. Chyb\u00ed mu pocit n\u011bjak\u00e9ho osobn\u00edho prostoru. Doma jej vymezuj\u00ed st\u011bny, na zahrad\u011b plocha zast\u0159e\u0161en\u00e9 pergoly, alt\u00e1nu. Tento osobn\u00ed prostor je pro \u010dlov\u011bka velice [&hellip;]","datePublished":"2021-12-26","dateModified":"2023-12-08","author":{"@type":"Person","@id":"https:\/\/www.demkovic.cz\/author\/#Person","name":"","url":"https:\/\/www.demkovic.cz\/author\/","identifier":1,"image":{"@type":"ImageObject","@id":"https:\/\/secure.gravatar.com\/avatar\/06473a178d94fb830b46e277369729e9534f2612e261ec2f1ee96b672ef473e2?s=96&d=mm&r=g","url":"https:\/\/secure.gravatar.com\/avatar\/06473a178d94fb830b46e277369729e9534f2612e261ec2f1ee96b672ef473e2?s=96&d=mm&r=g","height":96,"width":96}},"publisher":{"@type":"Organization","name":"demkovic.cz","logo":{"@type":"ImageObject","@id":"\/logo.png","url":"\/logo.png","width":600,"height":60}},"image":{"@type":"ImageObject","@id":"https:\/\/www.demkovic.cz\/wp-content\/uploads\/d%C5%99ev%C4%9Bn%C3%BD%20alt%C3%A1n_9.jpg","url":"https:\/\/www.demkovic.cz\/wp-content\/uploads\/d%C5%99ev%C4%9Bn%C3%BD%20alt%C3%A1n_9.jpg","height":0,"width":0},"url":"https:\/\/www.demkovic.cz\/odpocinek-na-zahrade-nejlip-v-nasem-drevenem-altanu\/","about":["V\u00fdrobky"],"wordCount":423,"articleBody":"   Uznejte sami. Sed\u011bt jen tak v prostoru, by\u0165 p\u011bkn\u00e9, zahrady je kr\u00e1sn\u00e9, ale dne\u0161n\u00edmu \u010dlov\u011bku n\u011bco chyb\u00ed. Chyb\u00ed mu pocit n\u011bjak\u00e9ho osobn\u00edho prostoru. Doma jej vymezuj\u00ed st\u011bny, na zahrad\u011b plocha zast\u0159e\u0161en\u00e9 pergoly, alt\u00e1nu. Tento osobn\u00ed prostor je pro \u010dlov\u011bka velice d\u016fle\u017eit\u00fd. Uklid\u0148uje, d\u00e1v\u00e1 pocit bezpe\u010d\u00ed. Ne nen\u00ed to racion\u00e1ln\u011b vysv\u011btliteln\u00e9, ale sami v\u00edte, \u017ee tomu tak je.Proto vyr\u00e1b\u00edme pergoly, alt\u00e1ny a zast\u0159e\u0161en\u00ed. Alt\u00e1n, kter\u00fd si u n\u00e1s vyberete, v\u00e1m poskytne pr\u00e1v\u011b ten pocit bezpe\u010d\u00ed, a nav\u00edc v\u00e1m poskytne mo\u017enost si jej za\u0159\u00eddit podle sv\u00fdch p\u0159edstav. M\u016f\u017eete si jej vybavit t\u0159eba jen sedac\u00ed soupravou s televiz\u00ed, nebo j\u00eddeln\u00edmi stoly, \u010di hra\u010dkami pro d\u011bti. M\u016f\u017eete jej tak\u00e9 vybavit zahradn\u00edm grilem, nebo si do n\u011bj instalovat celou, zahradn\u00ed kuchyni se v\u0161\u00edm v\u0161udy. Kuchy\u0148skou deskou, sk\u0159\u00ednkami, d\u0159ezem, va\u0159i\u010dem \u010di pec\u00ed na pizzu. Doporu\u010dujeme pe\u010dliv\u011b zv\u00e1\u017eit, jakou roli bude v\u00e1\u0161 budouc\u00ed alt\u00e1n na va\u0161\u00ed zahrad\u011b plnit. Tomu pak p\u0159izp\u016fsob\u00edte podklad, podlahu alt\u00e1nu, jeho rozm\u011bry v\u010detn\u011b jeho v\u00fd\u0161ky.Kdy\u017e u\u017e za\u010dnete pl\u00e1novat, bu\u010fte ve sv\u00e9m rozhodov\u00e1n\u00ed trochu benevolentn\u00ed. \u017divot se vyv\u00edj\u00ed a s n\u00edm rostou i jeho n\u00e1roky. Ze zku\u0161enost\u00ed v\u00edme, \u017ee rozm\u011bry d\u0159ev\u011bn\u00e9ho alt\u00e1nu po \u010dase p\u0159estanou sta\u010dit. Najednou bude m\u00e1lo m\u00edsta na spousty v\u011bc\u00ed. Koup\u00edte si jinou seda\u010dku, rozm\u011brn\u011bj\u0161\u00ed gril, nebo p\u0159ibude \u017eidl\u00ed u j\u00eddeln\u00edho stolu. Nadstavov\u00e1n\u00ed alt\u00e1nu nen\u00ed v\u017edy technicky mo\u017en\u00e9 a skoro v\u017edy nep\u016fsob\u00ed zrovna elegantn\u011b. Proto p\u0159idejte k plo\u0161e alt\u00e1nu n\u011bjak\u00e9 to procento d\u00e9lky i \u0161\u00ed\u0159ky. Vyplat\u00ed se v\u00e1m to.Na\u0161e alt\u00e1ny jsou klasick\u00fdmi, d\u0159ev\u011bn\u00fdmi konstrukcemi. Nosnou funkci zaji\u0161\u0165uj\u00ed d\u0159ev\u011bn\u00e9, smrkov\u00e9, hranoly, kter\u00e9 jsou naho\u0159e sv\u00e1z\u00e1ny s konstrukc\u00ed st\u0159echy a v\u0161echny jsou pe\u010dliv\u011b zav\u011btrov\u00e1ny. St\u0159echa je pln\u011b bedn\u011bn\u00e1. R\u00e1di v\u00e1m dod\u00e1me i st\u0159e\u0161n\u00ed krytinu z asfaltov\u00fdch \u0161indel\u016f. Jejich barvu si m\u016f\u017eete vybrat ze t\u0159\u00ed nab\u00edzen\u00fdch barev (hn\u011bd\u00e1, \u010derven\u00e1, granitov\u00e1) a vzhled alt\u00e1nu tak p\u0159izp\u016fsobit sv\u00e9 zahrad\u011b.                                                                                                                                                                                                                                                                                                                                                                                          4.1\/5 - (8 votes)        "},{"@context":"https:\/\/schema.org\/","@type":"BreadcrumbList","itemListElement":[{"@type":"ListItem","position":1,"name":"Odpo\u010dinek na zahrad\u011b? Nejl\u00edp v na\u0161em d\u0159ev\u011bn\u00e9m alt\u00e1nu!","item":"https:\/\/www.demkovic.cz\/odpocinek-na-zahrade-nejlip-v-nasem-drevenem-altanu\/#breadcrumbitem"}]}]