[{"@context":"https:\/\/schema.org\/","@type":"Article","@id":"https:\/\/www.demkovic.cz\/na-dovolenou-s-vozem-z-pujcovny-dodavek-brno-mimo-letni-sezonu\/#Article","mainEntityOfPage":"https:\/\/www.demkovic.cz\/na-dovolenou-s-vozem-z-pujcovny-dodavek-brno-mimo-letni-sezonu\/","headline":"Na dovolenou s vozem z p\u016fj\u010dovny dod\u00e1vek Brno mimo letn\u00ed sezonu","name":"Na dovolenou s vozem z p\u016fj\u010dovny dod\u00e1vek Brno mimo letn\u00ed sezonu","description":"Z\u00e1jem o mimosezonn\u00ed pobyty roste Zvy\u0161uj\u00edc\u00ed se letn\u00ed denn\u00ed teploty a po\u010det tropick\u00fdch noc\u00ed jsou pro mnoh\u00e9 z n\u00e1s nep\u0159\u00edjemn\u00fdm d\u016fsledkem modern\u00ed doby. A\u0165 u\u017e je p\u0159\u00ed\u010dina letn\u00edch nesnesiteln\u00fdch veder a extr\u00e9mn\u00edho sucha jak\u00e1koli, sna\u017e\u00edme se tomu br\u00e1nit po sv\u00e9m [&hellip;]","datePublished":"2020-04-13","dateModified":"2023-12-04","author":{"@type":"Person","@id":"https:\/\/www.demkovic.cz\/author\/#Person","name":"","url":"https:\/\/www.demkovic.cz\/author\/","identifier":1,"image":{"@type":"ImageObject","@id":"https:\/\/secure.gravatar.com\/avatar\/06473a178d94fb830b46e277369729e9534f2612e261ec2f1ee96b672ef473e2?s=96&d=mm&r=g","url":"https:\/\/secure.gravatar.com\/avatar\/06473a178d94fb830b46e277369729e9534f2612e261ec2f1ee96b672ef473e2?s=96&d=mm&r=g","height":96,"width":96}},"publisher":{"@type":"Organization","name":"demkovic.cz","logo":{"@type":"ImageObject","@id":"\/logo.png","url":"\/logo.png","width":600,"height":60}},"image":{"@type":"ImageObject","@id":"https:\/\/www.demkovic.cz\/wp-content\/uploads\/kvetouc%C3%AD%20stromy.jpg","url":"https:\/\/www.demkovic.cz\/wp-content\/uploads\/kvetouc%C3%AD%20stromy.jpg","height":0,"width":0},"url":"https:\/\/www.demkovic.cz\/na-dovolenou-s-vozem-z-pujcovny-dodavek-brno-mimo-letni-sezonu\/","about":["Slu\u017eby"],"wordCount":408,"articleBody":"     Z\u00e1jem o mimosezonn\u00ed pobyty rosteZvy\u0161uj\u00edc\u00ed se letn\u00ed denn\u00ed teploty a po\u010det tropick\u00fdch noc\u00ed jsou pro mnoh\u00e9 z n\u00e1s nep\u0159\u00edjemn\u00fdm d\u016fsledkem modern\u00ed doby. A\u0165 u\u017e je p\u0159\u00ed\u010dina letn\u00edch nesnesiteln\u00fdch veder a extr\u00e9mn\u00edho sucha jak\u00e1koli, sna\u017e\u00edme se tomu br\u00e1nit po sv\u00e9m \u2013 po\u0159izujeme si klimatizace a sna\u017e\u00edme se zp\u0159\u00edjemnit pobyt v zahradn\u00edm baz\u00e9nu nebo alespo\u0148 ve van\u011b \u010di ve v\u00ed\u0159ivce. \u010cast\u011bji vyu\u017e\u00edv\u00e1me mo\u017enost\u00ed dovolenkov\u00e9ho pobytu na podzim, v p\u0159\u00edjemn\u00e9m po\u010das\u00ed se l\u00e9pe cestuje, j\u00edzda po d\u00e1lnici je bezpe\u010dn\u011bj\u0161\u00ed, nen\u00ed tak hust\u00fd provoz a nehroz\u00ed p\u0159epln\u011bn\u00e9 hotely, penziony a kempy. Jistou mo\u017enost\u00ed je tak\u00e9 jet jedn\u00edm vozem z p\u016fj\u010dovny dod\u00e1vek Brno Maxi dod\u00e1vky, v n\u011bm\u017e se nebudete t\u00edsnit, m\u00e1te dost m\u00edsta na nohy a do zavazadlov\u00e9ho prostoru se vejde v\u0161e pot\u0159ebn\u00e9.V aut\u011b m\u016f\u017eete i p\u0159espat a p\u0159i tro\u0161e \u0161t\u011bst\u00ed i mimo ofici\u00e1ln\u00ed kemp, co\u017e ocen\u00ed zejm\u00e9na vod\u00e1ci a cyklistick\u00e9 v\u00fdpravy.Auto pojme ve\u0161kerou bag\u00e1\u017e, tak\u017ee odpadnou obavy z mo\u017en\u00fdch kr\u00e1de\u017e\u00ed nezabezpe\u010den\u00fdch v\u011bc\u00ed v kempech.Pokud se m\u016f\u017eete st\u0159\u00eddat v \u0159\u00edzen\u00ed, m\u016f\u017eete zvl\u00e1dnout del\u0161\u00ed \u00fasek u bez zbyte\u010dn\u00fdch \u010dasov\u00fdch ztr\u00e1t na nutn\u00fd odpo\u010dinek.Jedete jen jedn\u00edm autem a jste v\u0161ichni pohromad\u011b, tak\u017ee na nikoho ne\u010dek\u00e1te a m\u016f\u017eete pl\u00e1novat spole\u010dn\u00e9 akce velice pru\u017en\u011b.Mimosezonn\u00ed turistika proti jarn\u00ed \u00fanav\u011bDol\u00e9h\u00e1 na v\u00e1s jarn\u00ed \u00fanava? Nepodl\u00e9hejte j\u00ed a za\u010dn\u011bte se v\u00edce h\u00fdbat. V\u011bt\u0161ina lid\u00ed m\u00ed\u0159\u00ed na mimosezonn\u00ed pobyty na podzim nebo na konci \u010dervna, ale od druh\u00e9 poloviny kv\u011btna do poloviny \u010dervna jsou obl\u00edben\u00e9 turistick\u00e9 destinace polopr\u00e1zdn\u00e9, zvl\u00e1\u0161t\u011b pak v horsk\u00fdch oblastech. Zorganizovat pobyt na hor\u00e1ch v tuto dobu pro partu lid\u00ed je skv\u011bl\u00e1 mo\u017enost, jak pos\u00edlit kondici a \u010delit jarn\u00edm depres\u00edm a \u00fanav\u011b z p\u0159epracov\u00e1n\u00ed a nedostatku pohybu. Jarn\u00ed obdob\u00ed je tak\u00e9 spojeno s kvetouc\u00edmi stromy a rostlinami a byla by \u0161koda o tuto kr\u00e1su p\u0159ij\u00edt jen proto, \u017ee jsme zvykl\u00ed dovolenou pl\u00e1novat od \u010dervence do z\u00e1\u0159\u00ed.                                                                                                                                                                                                                                                                                                                                                                                           4.4\/5 - (7 votes)        "},{"@context":"https:\/\/schema.org\/","@type":"BreadcrumbList","itemListElement":[{"@type":"ListItem","position":1,"name":"Na dovolenou s vozem z p\u016fj\u010dovny dod\u00e1vek Brno mimo letn\u00ed sezonu","item":"https:\/\/www.demkovic.cz\/na-dovolenou-s-vozem-z-pujcovny-dodavek-brno-mimo-letni-sezonu\/#breadcrumbitem"}]}]