[{"@context":"https:\/\/schema.org\/","@type":"Article","@id":"https:\/\/www.demkovic.cz\/muzsky-problem\/#Article","mainEntityOfPage":"https:\/\/www.demkovic.cz\/muzsky-problem\/","headline":"Mu\u017esk\u00fd probl\u00e9m","name":"Mu\u017esk\u00fd probl\u00e9m","description":"P\u0159\u00ed\u010dina slab\u00e9 erekce m\u016f\u017ee b\u00fdt kdekoliv, nezb\u00fdv\u00e1 n\u00e1m nic jin\u00e9ho ne\u017e p\u0159\u00ed\u010dinu hledat anebo j\u00ed \u0159e\u0161it. No ano, p\u0159esn\u011b m\u00e1m namysli l\u00e9ka\u0159e, kter\u00fd bude v\u011bd\u011bt p\u0159esn\u011b nejl\u00edp co v\u00e1m sch\u00e1z\u00ed a stanov\u00fd v\u00e1m diagn\u00f3zu, kter\u00e1 je ur\u010dena pr\u00e1v\u011b jenom v\u00e1m [&hellip;]","datePublished":"2023-05-15","dateModified":"2024-05-28","author":{"@type":"Person","@id":"https:\/\/www.demkovic.cz\/author\/#Person","name":"","url":"https:\/\/www.demkovic.cz\/author\/","identifier":1,"image":{"@type":"ImageObject","@id":"https:\/\/secure.gravatar.com\/avatar\/06473a178d94fb830b46e277369729e9534f2612e261ec2f1ee96b672ef473e2?s=96&d=mm&r=g","url":"https:\/\/secure.gravatar.com\/avatar\/06473a178d94fb830b46e277369729e9534f2612e261ec2f1ee96b672ef473e2?s=96&d=mm&r=g","height":96,"width":96}},"publisher":{"@type":"Organization","name":"demkovic.cz","logo":{"@type":"ImageObject","@id":"\/logo.png","url":"\/logo.png","width":600,"height":60}},"image":{"@type":"ImageObject","@id":"https:\/\/www.demkovic.cz\/wp-content\/uploads\/charlesdeluvio-7gMeEfqq5vc-unsplash.jpg","url":"https:\/\/www.demkovic.cz\/wp-content\/uploads\/charlesdeluvio-7gMeEfqq5vc-unsplash.jpg","height":0,"width":0},"url":"https:\/\/www.demkovic.cz\/muzsky-problem\/","about":["Slu\u017eby"],"wordCount":444,"articleBody":"        P\u0159\u00ed\u010dina slab\u00e9 erekce m\u016f\u017ee b\u00fdt kdekoliv, nezb\u00fdv\u00e1 n\u00e1m nic jin\u00e9ho ne\u017e p\u0159\u00ed\u010dinu hledat anebo j\u00ed \u0159e\u0161it. No ano, p\u0159esn\u011b m\u00e1m namysli l\u00e9ka\u0159e, kter\u00fd bude v\u011bd\u011bt p\u0159esn\u011b nejl\u00edp co v\u00e1m sch\u00e1z\u00ed a stanov\u00fd v\u00e1m diagn\u00f3zu, kter\u00e1 je ur\u010dena pr\u00e1v\u011b jenom v\u00e1m a nasad\u00ed v\u00e1m l\u00e9\u010dbu. Nic jednodu\u0161\u0161\u00edho u\u017e snad nen\u00ed. No jenom \u017ee jak pro koho. N\u011bkte\u0159\u00ed p\u00e1nov\u00e9 se tenhle sv\u016fj probl\u00e9m styd\u00ed \u0159e\u0161it anebo ho prost\u011b odm\u00edtaj\u00ed \u0159e\u0161it. Co\u017e kolikr\u00e1t potom m\u016f\u017ee v\u00e9st je\u0161t\u011b k n\u011b\u010demu hor\u0161\u00edmu. Proto je v\u017edy lep\u0161\u00ed vyhledat l\u00e9ka\u0159e. Ale pokud si chcete zjistit p\u0159\u00ed\u010dinu, nebo si zjistit pro\u010d m\u00e1te slabou erekci, tak v tom v\u00e1m samoz\u0159ejm\u011b nikdo nebude br\u00e1nit. Je ale taky dob\u0159e, \u017ee se o sv\u00e9 zdrav\u00ed zaj\u00edm\u00e1te. Prvn\u00edm p\u0159\u00edkladem slab\u00e9 erekce je v\u011bk. Ten hraje taky velkou roli. Jsou n\u011bjak\u00e9 statiky, \u017ee ka\u017ed\u00e9ho druh\u00e9ho mu\u017ee ve st\u0159edn\u00edm v\u011bku cca 40 let se slab\u00e1 erekce vyskytuje. Pak u t\u011bch mlad\u0161\u00edch ro\u010dn\u00edku je to opravdu v\u00fdjime\u010dn\u011b. Dal\u0161\u00ed p\u0159\u00ed\u010diny slab\u00e9 erekce m\u016f\u017eou v\u00fdt i onemocn\u011bn\u00ed, kter\u00e9 v\u00e1s mohlo postihnout. T\u0159eba n\u011bkter\u00e1 urologick\u00e1 onemocn\u011bn\u00ed. P\u0159i\u010dem\u017e m\u016f\u017ee b\u00fdt porucha spojen\u00e1 s mo\u010dovou soustavou. Taky pokud jste m\u011bli \u00faraz nebo onemocn\u011bn\u00ed nervov\u00e9 soustavy. Tak \u017ee pokud se t\u0159eba l\u00e9\u010d\u00edte na vysok\u00fd krevn\u00ed tlak nebo diabetes, tak se u v\u00e1s slab\u00e1 erekce m\u016f\u017ee objevit. Asi nejd\u016fle\u017eit\u011bj\u0161\u00edm faktorem hraje hlavn\u00ed roli taky psychika. Tak opravdu se \u010dlov\u011bkem d\u011bl\u00e1 divy. A jak to pozn\u00e1te? M\u016f\u017eete b\u00fdt p\u0159et\u00ed\u017een\u00ed, t\u0159eba z pr\u00e1ce, kdy d\u011bl\u00e1te dlouh\u00e9 sm\u011bny, nebo jste ve stresu. Taky v tom klidn\u011b m\u016f\u017eou b\u00fdt i vztahov\u00ed probl\u00e9my, kdy v\u00e1m to zrovna posledn\u00ed dobou neklape s va\u0161\u00ed partnerkou. Taky se k tomu m\u016f\u017eou p\u0159ipojit i deprese. Dal\u0161\u00ed takov\u00fd men\u0161\u00ed stra\u0161\u00e1k m\u016f\u017ee b\u00fdt i dlouhodob\u00e9 u\u017e\u00edv\u00e1n\u00ed l\u00e9k\u016f. Proto si pozorn\u011b p\u0159e\u010dt\u011bte p\u0159\u00edbalov\u00fd let\u00e1k, kter\u00fd b\u00fdv\u00e1 v\u017edy sou\u010d\u00e1st\u00ed krabi\u010dky s l\u00e9ky. Tak \u017ee pokud takov\u00e9 probl\u00e9my na sob\u011b poci\u0165ujete, tak nen\u00ed na co \u010dekat. D\u016fle\u017eit\u00e9 je abyste co nejd\u0159\u00edve nav\u0161t\u00edvili specialistu a probl\u00e9m vy\u0159e\u0161ili.                                                                                                                                                                                                                                                                                                                                                                                           4.4\/5 - (12 votes)        "},{"@context":"https:\/\/schema.org\/","@type":"BreadcrumbList","itemListElement":[{"@type":"ListItem","position":1,"name":"Mu\u017esk\u00fd probl\u00e9m","item":"https:\/\/www.demkovic.cz\/muzsky-problem\/#breadcrumbitem"}]}]