[{"@context":"https:\/\/schema.org\/","@type":"Article","@id":"https:\/\/www.demkovic.cz\/cestovani-me-bavi\/#Article","mainEntityOfPage":"https:\/\/www.demkovic.cz\/cestovani-me-bavi\/","headline":"Cestov\u00e1n\u00ed m\u011b bav\u00ed","name":"Cestov\u00e1n\u00ed m\u011b bav\u00ed","description":"V\u017edycky jsem m\u011bla r\u00e1da cestov\u00e1n\u00ed. A v\u017edycky mi bylo docela dost smutno, kdy\u017e n\u011bjak\u00e9 cestov\u00e1n\u00ed n\u00e1m odpadlo. A kolikr\u00e1t jsem m\u011bla zaplacen\u00fd n\u011bjak\u00fd z\u00e1jezd, \u017ee bych cestovala t\u0159eba do Rakouska nebo do N\u011bmecka, jenom\u017ee to potom odpadlo. Kolikr\u00e1t to v\u0161echno [&hellip;]","datePublished":"2022-10-31","dateModified":"2023-05-06","author":{"@type":"Person","@id":"https:\/\/www.demkovic.cz\/author\/#Person","name":"","url":"https:\/\/www.demkovic.cz\/author\/","identifier":1,"image":{"@type":"ImageObject","@id":"https:\/\/secure.gravatar.com\/avatar\/06473a178d94fb830b46e277369729e9534f2612e261ec2f1ee96b672ef473e2?s=96&d=mm&r=g","url":"https:\/\/secure.gravatar.com\/avatar\/06473a178d94fb830b46e277369729e9534f2612e261ec2f1ee96b672ef473e2?s=96&d=mm&r=g","height":96,"width":96}},"publisher":{"@type":"Organization","name":"demkovic.cz","logo":{"@type":"ImageObject","@id":"\/logo.png","url":"\/logo.png","width":600,"height":60}},"image":{"@type":"ImageObject","@id":"https:\/\/www.demkovic.cz\/wp-content\/uploads\/schilthorn-3033448_960_720.jpg","url":"https:\/\/www.demkovic.cz\/wp-content\/uploads\/schilthorn-3033448_960_720.jpg","height":0,"width":0},"url":"https:\/\/www.demkovic.cz\/cestovani-me-bavi\/","about":["Cestov\u00e1n\u00ed"],"wordCount":423,"articleBody":"V\u017edycky jsem m\u011bla r\u00e1da cestov\u00e1n\u00ed. A v\u017edycky mi bylo docela dost smutno, kdy\u017e n\u011bjak\u00e9 cestov\u00e1n\u00ed n\u00e1m odpadlo. A kolikr\u00e1t jsem m\u011bla zaplacen\u00fd n\u011bjak\u00fd z\u00e1jezd, \u017ee bych cestovala t\u0159eba do Rakouska nebo do N\u011bmecka, jenom\u017ee to potom odpadlo. Kolikr\u00e1t to v\u0161echno odpadlo kv\u016fli tomu, \u017ee t\u0159eba n\u011bkdo onemocn\u011bl nebo se n\u011bkomu nakonec necht\u011blo jet. Tohle jsem v\u016fbec nech\u00e1pala. V\u017edycky kdy\u017e se n\u011bkdo zaregistrujete n\u011bjak\u00e9 cestov\u00e1n\u00ed nebo dovolenou, tak pro\u010d potom nechcete jet? Sice ch\u00e1pu, \u017ee t\u0159eba \u010dasem n\u011bkdo onemocn\u00ed, co\u017e potom beru, \u017ee nem\u016f\u017ee nikam jet. To je \u00fapln\u011b logick\u00e9. Jenom\u017ee zase nech\u00e1pu, jak si n\u011bkdo m\u016f\u017ee objednat n\u011bjak\u00e9 cestov\u00e1n\u00ed nebo dovolenou, kdy\u017e potom \u0159ekne, \u017ee se mu nikam nechce nebo nem\u00e1 \u010das. Tohle mi opravdu hodn\u011b vad\u00ed a hlava mi to v\u016fbec nebere. J\u00e1 opravdu ka\u017ed\u00fd rok jezd\u00edm n\u011bkam na dovolenou a moc r\u00e1da cestuji, naposledy jsem byla ve \u0160v\u00fdcarsku a tam jsem byla asi m\u011bs\u00edc, kdy se objevovala kr\u00e1sy \u0160v\u00fdcarska a taky mus\u00edm uznat, \u017ee \u0161v\u00fdcarsk\u00e9 m\u00edsto opravdu n\u00e1dhern\u00e9. P\u0159\u00ed\u0161t\u00ed m\u011bs\u00edc cechy tam do Finska a pak taky do It\u00e1lie, to n\u011bkdy v l\u00e9t\u011b. It\u00e1lii m\u00e1m opravdu hodn\u011b r\u00e1da, taky se u\u010d\u00edm kv\u016fli tomu ital\u0161tinu.Ital\u0161tinu se u\u010d\u00edm u\u017e \u010dty\u0159i roky a mus\u00edm \u0159\u00edct, \u017ee jsem docela dobr\u00e1, proto\u017ee opravdu hodn\u011b m\u011b to bav\u00ed. J\u00e1 sama jsem si \u0159ekla, \u017ee kdybych je\u0161t\u011b m\u011bla n\u011bkam cestovat a byla by to naposledy v \u017eivot\u011b, tak mi to bylo\u00a0Dubaj. A do\u00a0Dubaje\u00a0to je m\u016fj velik\u00fd jsem se pod\u00edvat. A kdo by necht\u011bl! Cht\u011bla bych tam str\u00e1vit t\u0159eba dva t\u00fddny, ale co v\u00edm, tak mi to vy\u0161lo opravdu na hodn\u011b pen\u011bz.\u00a0Dubaj\u00a0je toti\u017e velice drah\u00e1\u00a0destinace, tak\u017ee si mysl\u00edm, \u017ee bych asi musela hodn\u011b dlouho \u0161et\u0159it, ne\u017e bych se do\u00a0Dubaje\u00a0n\u011bkam pod\u00edvala. Jako d\u00edt\u011b jsem byla mnohokr\u00e1t v Chorvatsku, kde mi to zase naopak p\u0159ipom\u00edn\u00e1\u00a0d\u011btstv\u00ed\u00a0a rodinu, tak\u017ee tam taky moc r\u00e1da jezd\u00edm. Do Chorvatska m\u00e1m v pl\u00e1nu se vydat za dva roky a chci tam b\u00fdt dva t\u00fddny.                                                                                                                                                                                                                                                                                                                                                                                        4.1\/5 - (9 votes)        "},{"@context":"https:\/\/schema.org\/","@type":"BreadcrumbList","itemListElement":[{"@type":"ListItem","position":1,"name":"Cestov\u00e1n\u00ed m\u011b bav\u00ed","item":"https:\/\/www.demkovic.cz\/cestovani-me-bavi\/#breadcrumbitem"}]}]