[{"@context":"https:\/\/schema.org\/","@type":"Article","@id":"https:\/\/www.demkovic.cz\/abyste-bydleli-dle-svych-prani\/#Article","mainEntityOfPage":"https:\/\/www.demkovic.cz\/abyste-bydleli-dle-svych-prani\/","headline":"Abyste bydleli dle sv\u00fdch p\u0159\u00e1n\u00ed","name":"Abyste bydleli dle sv\u00fdch p\u0159\u00e1n\u00ed","description":"Domov, to je m\u00edsto, bez n\u011bho\u017e by \u017eivot nemohl dob\u0159e fungovat. Ka\u017ed\u00fd m\u00e1 sv\u016fj domov jin\u00fd, p\u0159esto pro ka\u017ed\u00e9ho je pr\u00e1v\u011b ten jeho domov ten nejlep\u0161\u00ed, nej\u00fatuln\u011bj\u0161\u00ed. Nebo by aspo\u0148 m\u011bl b\u00fdt. Ale domov, stejn\u011b jako ka\u017ed\u00fd \u010dlov\u011bk, by m\u011bl [&hellip;]","datePublished":"2023-06-16","dateModified":"2024-06-18","author":{"@type":"Person","@id":"https:\/\/www.demkovic.cz\/author\/#Person","name":"","url":"https:\/\/www.demkovic.cz\/author\/","identifier":1,"image":{"@type":"ImageObject","@id":"https:\/\/secure.gravatar.com\/avatar\/06473a178d94fb830b46e277369729e9534f2612e261ec2f1ee96b672ef473e2?s=96&d=mm&r=g","url":"https:\/\/secure.gravatar.com\/avatar\/06473a178d94fb830b46e277369729e9534f2612e261ec2f1ee96b672ef473e2?s=96&d=mm&r=g","height":96,"width":96}},"publisher":{"@type":"Organization","name":"demkovic.cz","logo":{"@type":"ImageObject","@id":"\/logo.png","url":"\/logo.png","width":600,"height":60}},"url":"https:\/\/www.demkovic.cz\/abyste-bydleli-dle-svych-prani\/","wordCount":250,"articleBody":"Domov, to je m\u00edsto, bez n\u011bho\u017e by \u017eivot nemohl dob\u0159e fungovat. Ka\u017ed\u00fd m\u00e1 sv\u016fj domov jin\u00fd, p\u0159esto pro ka\u017ed\u00e9ho je pr\u00e1v\u011b ten jeho domov ten nejlep\u0161\u00ed, nej\u00fatuln\u011bj\u0161\u00ed. Nebo by aspo\u0148 m\u011bl b\u00fdt. Ale domov, stejn\u011b jako ka\u017ed\u00fd \u010dlov\u011bk, by m\u011bl proch\u00e1zet zm\u011bnami, aby st\u00e1le odpov\u00eddal co nejl\u00e9pe po\u017eadavk\u016fm jeho obyvatel. Zm\u011b\u0148te v\u010das sv\u00e9 bydlen\u00ed, aby V\u00e1m v n\u011bm bylo st\u00e1le dob\u0159e. Krok ke zm\u011bn\u011b je jednodu\u0161\u0161\u00ed ne\u017e si mysl\u00edte. Nemus\u00edte se b\u00e1t, \u017ee byste museli studovat instalat\u00e9rsk\u00e9 pr\u00e1ce a po ve\u010derech se doma do nich pou\u0161t\u011bt na vlastn\u00ed p\u011bst. Sv\u011b\u0159te to rad\u011bji odborn\u00edk\u016fm, bude to rychlej\u0161\u00ed a jednodu\u0161\u0161\u00ed.Nebojte se n\u00e1m je \u0159\u00edctPokud jde o rekonstrukce byt\u016f Praha, zkuste to pr\u00e1v\u011b s n\u00e1mi. Na\u0161\u00edm kr\u00e9dem je dokonal\u00e1 a precizn\u011b odveden\u00e1 pr\u00e1ce, v co nejkrat\u0161\u00edm \u010dase a za p\u0159\u00edznivou cenu. Pokud to je pr\u00e1v\u011b to, co hled\u00e1te, ji\u017e jste na\u0161li. Sv\u011b\u0159te n\u00e1m ve\u0161ker\u00e9 sv\u00e9 pl\u00e1ny a p\u0159edstavy, spole\u010dn\u011b probereme mo\u017enost jejich realizace, kterou mo\u017en\u00e1 zvl\u00e1dneme sami \u010di v p\u0159\u00edpad\u011b pot\u0159eby p\u0159izveme dal\u0161\u00ed specialisty, a my se pak pust\u00edme do pr\u00e1ce, abyste co nejd\u0159\u00edve mohli sv\u00e9 bydlen\u00ed pohodln\u011b u\u017e\u00edvat.                                                                                                                                                                                                                                                                                                                                                                                        4.5\/5 - (6 votes)        "},{"@context":"https:\/\/schema.org\/","@type":"BreadcrumbList","itemListElement":[{"@type":"ListItem","position":1,"name":"Abyste bydleli dle sv\u00fdch p\u0159\u00e1n\u00ed","item":"https:\/\/www.demkovic.cz\/abyste-bydleli-dle-svych-prani\/#breadcrumbitem"}]}]